{"id":754,"date":"2024-06-24T13:38:00","date_gmt":"2024-06-24T11:38:00","guid":{"rendered":"http:\/\/www.feuerwehren-gersfeld.de\/?p=754"},"modified":"2024-06-24T13:38:51","modified_gmt":"2024-06-24T11:38:51","slug":"24h-berufsfeuerwehrtag-der-jugendfeuerwehr-gersfeld-22-06-23-06-2024","status":"publish","type":"post","link":"https:\/\/www.feuerwehren-gersfeld.de\/?p=754","title":{"rendered":"24h \u2013 Berufsfeuerwehrtag der Jugendfeuerwehr Gersfeld 22.06. \u2013 23.06.2024"},"content":{"rendered":"\n<p>\u201eAchtung, Achtung, Einsatz f\u00fcr die L\u00f6schgruppen 1 und 2\u201c, diese Ansage ert\u00f6nte vergangenes Wochenende gleich mehrmals in den R\u00e4umen der Freiwilligen Feuerwehr Gersfeld.<\/p>\n\n\n\n<p>Endlich war es wieder soweit, nach langer Vorbereitungszeit konnte es am Samstag um 10:00 Uhr endlich losgehen.<\/p>\n\n\n\n<p>15 Jugendliche, 5 Betreuer und viele Helfer der Einsatzabteilung trafen sich in der Feuerwehr um 24 spannende Stunden beim diesj\u00e4hrigen Berufsfeuerwehrtag der Jugendfeuerwehr Gersfeld zu verbringen.<\/p>\n\n\n\n<p>Nach der Begr\u00fc\u00dfung, Gruppeneinteilung und Einweisung auf die Fahrzeuge wurde zun\u00e4chst das Schlaflager eingerichtet. Allerdings wurde die Einrichtung des Schaflagers durch eine Alarmierung unterbrochen.<\/p>\n\n\n\n<p>Es folgte der erste \u00dcbungseinsatz f\u00fcr die Jugendlichen. Die Brandmeldeanlage der Rh\u00f6nschule Gersfeld wurde durch einen Handdruckmelder ausgel\u00f6st. Nach der Erkundung des Objektes durch einen Atemschutztrupp stand schnell fest, dass es sich um einen Fehlalarm handelte.<\/p>\n\n\n\n<figure class=\"wp-block-gallery has-nested-images columns-default is-cropped wp-block-gallery-1 is-layout-flex wp-block-gallery-is-layout-flex\">\n<figure class=\"wp-block-image size-large\"><a href=\"https:\/\/www.feuerwehren-gersfeld.de\/wp-content\/uploads\/Bild_BF-Tag-2024-3-scaled.jpg\"><img loading=\"lazy\" decoding=\"async\" width=\"1024\" height=\"768\" data-id=\"755\" src=\"https:\/\/www.feuerwehren-gersfeld.de\/wp-content\/uploads\/Bild_BF-Tag-2024-3-1024x768.jpg\" alt=\"\" class=\"wp-image-755\" srcset=\"https:\/\/www.feuerwehren-gersfeld.de\/wp-content\/uploads\/Bild_BF-Tag-2024-3-1024x768.jpg 1024w, https:\/\/www.feuerwehren-gersfeld.de\/wp-content\/uploads\/Bild_BF-Tag-2024-3-300x225.jpg 300w, https:\/\/www.feuerwehren-gersfeld.de\/wp-content\/uploads\/Bild_BF-Tag-2024-3-768x576.jpg 768w, https:\/\/www.feuerwehren-gersfeld.de\/wp-content\/uploads\/Bild_BF-Tag-2024-3-1536x1152.jpg 1536w, https:\/\/www.feuerwehren-gersfeld.de\/wp-content\/uploads\/Bild_BF-Tag-2024-3-2048x1536.jpg 2048w, https:\/\/www.feuerwehren-gersfeld.de\/wp-content\/uploads\/Bild_BF-Tag-2024-3-624x468.jpg 624w\" sizes=\"auto, (max-width: 1024px) 100vw, 1024px\" \/><\/a><\/figure>\n<\/figure>\n\n\n\n<p><\/p>\n\n\n\n<p>Wehrf\u00fchrer Jonathan Beck erkl\u00e4rte den Jugendlichen die Brandmeldeanlage und das Vorgehen der Feuerwehr beim Eintreffen an der Einsatzstelle.<\/p>\n\n\n\n<p>Zur\u00fcck im Feuerwehrhaus gab es nach einer kurzen Verschnaufpause, dann auch endlich etwas zu essen.<\/p>\n\n\n\n<p>Anschlie\u00dfend stand dann Theorieunterricht mit dem Thema \u201eGefahren an der Einsatzstelle\u201c auf dem Dienstplan.<\/p>\n\n\n\n<p>Gegen 14.00 Uhr gab es dann auch schon den n\u00e4chsten \u00dcbungseinsatz.<\/p>\n\n\n\n<p>Es musste ein Brand in Maiersbach gel\u00f6scht werden.<\/p>\n\n\n\n<figure class=\"wp-block-gallery has-nested-images columns-default is-cropped wp-block-gallery-2 is-layout-flex wp-block-gallery-is-layout-flex\">\n<figure class=\"wp-block-image size-large\"><a href=\"https:\/\/www.feuerwehren-gersfeld.de\/wp-content\/uploads\/Bild_BF-Tag-2024-4-scaled.jpg\"><img loading=\"lazy\" decoding=\"async\" width=\"1024\" height=\"768\" data-id=\"756\" src=\"https:\/\/www.feuerwehren-gersfeld.de\/wp-content\/uploads\/Bild_BF-Tag-2024-4-1024x768.jpg\" alt=\"\" class=\"wp-image-756\" srcset=\"https:\/\/www.feuerwehren-gersfeld.de\/wp-content\/uploads\/Bild_BF-Tag-2024-4-1024x768.jpg 1024w, https:\/\/www.feuerwehren-gersfeld.de\/wp-content\/uploads\/Bild_BF-Tag-2024-4-300x225.jpg 300w, https:\/\/www.feuerwehren-gersfeld.de\/wp-content\/uploads\/Bild_BF-Tag-2024-4-768x576.jpg 768w, https:\/\/www.feuerwehren-gersfeld.de\/wp-content\/uploads\/Bild_BF-Tag-2024-4-1536x1152.jpg 1536w, https:\/\/www.feuerwehren-gersfeld.de\/wp-content\/uploads\/Bild_BF-Tag-2024-4-2048x1536.jpg 2048w, https:\/\/www.feuerwehren-gersfeld.de\/wp-content\/uploads\/Bild_BF-Tag-2024-4-624x468.jpg 624w\" sizes=\"auto, (max-width: 1024px) 100vw, 1024px\" \/><\/a><\/figure>\n<\/figure>\n\n\n\n<p><\/p>\n\n\n\n<p>Schnell waren die Aufgaben verteilt und so wurde die Wasserversorgung aufgebaut und der Brand gel\u00f6scht. Durch den schnellen Einsatz der Jugendlichen konnte somit ein gr\u00f6\u00dferer Schaden verhindert werden.<\/p>\n\n\n\n<figure class=\"wp-block-gallery has-nested-images columns-default is-cropped wp-block-gallery-3 is-layout-flex wp-block-gallery-is-layout-flex\">\n<figure class=\"wp-block-image size-large\"><a href=\"https:\/\/www.feuerwehren-gersfeld.de\/wp-content\/uploads\/Bild_BF-Tag-2024-5-scaled.jpg\"><img loading=\"lazy\" decoding=\"async\" width=\"768\" height=\"1024\" data-id=\"757\" src=\"https:\/\/www.feuerwehren-gersfeld.de\/wp-content\/uploads\/Bild_BF-Tag-2024-5-768x1024.jpg\" alt=\"\" class=\"wp-image-757\" srcset=\"https:\/\/www.feuerwehren-gersfeld.de\/wp-content\/uploads\/Bild_BF-Tag-2024-5-768x1024.jpg 768w, https:\/\/www.feuerwehren-gersfeld.de\/wp-content\/uploads\/Bild_BF-Tag-2024-5-225x300.jpg 225w, https:\/\/www.feuerwehren-gersfeld.de\/wp-content\/uploads\/Bild_BF-Tag-2024-5-1152x1536.jpg 1152w, https:\/\/www.feuerwehren-gersfeld.de\/wp-content\/uploads\/Bild_BF-Tag-2024-5-1536x2048.jpg 1536w, https:\/\/www.feuerwehren-gersfeld.de\/wp-content\/uploads\/Bild_BF-Tag-2024-5-624x832.jpg 624w, https:\/\/www.feuerwehren-gersfeld.de\/wp-content\/uploads\/Bild_BF-Tag-2024-5-scaled.jpg 1920w\" sizes=\"auto, (max-width: 768px) 100vw, 768px\" \/><\/a><\/figure>\n<\/figure>\n\n\n\n<p><\/p>\n\n\n\n<p>Nachdem die Fahrzeuge und Schl\u00e4uche gereinigt waren, startete das Programm f\u00fcr den Nachmittag mit Spiel und Spa\u00df sowie einer Brandschutzerziehung. Um 17:40 Uhr folgte eine weitere Alarmierung. Es handelte sich hierbei um einen Fehlalarm.<\/p>\n\n\n\n<p>Im Anschluss stand das gemeinsame Abendessen an. Nach so viel Bewegung und Aktivit\u00e4t wurde bei Bratw\u00fcrstchen vom Grill ordentlich zugelangt.<\/p>\n\n\n\n<p>Der geplante Filmeabend wurde durch die n\u00e4chste Alarmierung unterbrochen.<\/p>\n\n\n\n<figure class=\"wp-block-gallery has-nested-images columns-default is-cropped wp-block-gallery-4 is-layout-flex wp-block-gallery-is-layout-flex\">\n<figure class=\"wp-block-image size-large\"><a href=\"https:\/\/www.feuerwehren-gersfeld.de\/wp-content\/uploads\/Bild_BF-Tag-2024-1-1.jpg\"><img loading=\"lazy\" decoding=\"async\" width=\"1024\" height=\"711\" data-id=\"761\" src=\"https:\/\/www.feuerwehren-gersfeld.de\/wp-content\/uploads\/Bild_BF-Tag-2024-1-1-1024x711.jpg\" alt=\"\" class=\"wp-image-761\" srcset=\"https:\/\/www.feuerwehren-gersfeld.de\/wp-content\/uploads\/Bild_BF-Tag-2024-1-1-1024x711.jpg 1024w, https:\/\/www.feuerwehren-gersfeld.de\/wp-content\/uploads\/Bild_BF-Tag-2024-1-1-300x208.jpg 300w, https:\/\/www.feuerwehren-gersfeld.de\/wp-content\/uploads\/Bild_BF-Tag-2024-1-1-768x533.jpg 768w, https:\/\/www.feuerwehren-gersfeld.de\/wp-content\/uploads\/Bild_BF-Tag-2024-1-1-624x433.jpg 624w, https:\/\/www.feuerwehren-gersfeld.de\/wp-content\/uploads\/Bild_BF-Tag-2024-1-1.jpg 1331w\" sizes=\"auto, (max-width: 1024px) 100vw, 1024px\" \/><\/a><\/figure>\n<\/figure>\n\n\n\n<p><\/p>\n\n\n\n<p>Gemeinsam mit den Helfern der Rettungshundestaffel Gersfeld und einer Streife der Polizei Hilders wurde eine Personensuche mit mehreren vermissten Personen initiiert. In einem Waldgebiet bei Rommers konnten die Vermissten mit tatkr\u00e4ftiger Unterst\u00fctzung der Jugendlichen schnell gefunden werden.<\/p>\n\n\n\n<figure class=\"wp-block-gallery has-nested-images columns-default is-cropped wp-block-gallery-5 is-layout-flex wp-block-gallery-is-layout-flex\">\n<figure class=\"wp-block-image size-large\"><a href=\"https:\/\/www.feuerwehren-gersfeld.de\/wp-content\/uploads\/Bild_BF-Tag-2024-6-1-scaled.jpg\"><img loading=\"lazy\" decoding=\"async\" width=\"768\" height=\"1024\" data-id=\"760\" src=\"https:\/\/www.feuerwehren-gersfeld.de\/wp-content\/uploads\/Bild_BF-Tag-2024-6-1-768x1024.jpg\" alt=\"\" class=\"wp-image-760\" srcset=\"https:\/\/www.feuerwehren-gersfeld.de\/wp-content\/uploads\/Bild_BF-Tag-2024-6-1-768x1024.jpg 768w, https:\/\/www.feuerwehren-gersfeld.de\/wp-content\/uploads\/Bild_BF-Tag-2024-6-1-225x300.jpg 225w, https:\/\/www.feuerwehren-gersfeld.de\/wp-content\/uploads\/Bild_BF-Tag-2024-6-1-1152x1536.jpg 1152w, https:\/\/www.feuerwehren-gersfeld.de\/wp-content\/uploads\/Bild_BF-Tag-2024-6-1-1536x2048.jpg 1536w, https:\/\/www.feuerwehren-gersfeld.de\/wp-content\/uploads\/Bild_BF-Tag-2024-6-1-624x832.jpg 624w, https:\/\/www.feuerwehren-gersfeld.de\/wp-content\/uploads\/Bild_BF-Tag-2024-6-1-scaled.jpg 1920w\" sizes=\"auto, (max-width: 768px) 100vw, 768px\" \/><\/a><\/figure>\n<\/figure>\n\n\n\n<p><\/p>\n\n\n\n<p>Zur\u00fcck im Feuerwehrhaus lie\u00df man den ereignisreichen Tag gem\u00fctlich beim Rest vom Film ausklingen.<\/p>\n\n\n\n<p>Um 23.00 Uhr war dann Nachtruhe und alle konnten sich bereits jetzt auf ein leckeres Fr\u00fchst\u00fcck freuen.<\/p>\n\n\n\n<p>Statt eines Weckers wurden die Jugendlichen am Morgen durch den n\u00e4chsten Alarm geweckt, sodass sich alle schnell zum letzten Einsatzstichwort \u201etechnische Hilfeleistung nach Verkehrsunfall\u201c aufmachten.<\/p>\n\n\n\n<figure class=\"wp-block-gallery has-nested-images columns-default is-cropped wp-block-gallery-6 is-layout-flex wp-block-gallery-is-layout-flex\">\n<figure class=\"wp-block-image size-large\"><a href=\"https:\/\/www.feuerwehren-gersfeld.de\/wp-content\/uploads\/Bild_BF-Tag-2024-2.jpg\"><img loading=\"lazy\" decoding=\"async\" width=\"1024\" height=\"473\" data-id=\"762\" src=\"https:\/\/www.feuerwehren-gersfeld.de\/wp-content\/uploads\/Bild_BF-Tag-2024-2-1024x473.jpg\" alt=\"\" class=\"wp-image-762\" srcset=\"https:\/\/www.feuerwehren-gersfeld.de\/wp-content\/uploads\/Bild_BF-Tag-2024-2-1024x473.jpg 1024w, https:\/\/www.feuerwehren-gersfeld.de\/wp-content\/uploads\/Bild_BF-Tag-2024-2-300x139.jpg 300w, https:\/\/www.feuerwehren-gersfeld.de\/wp-content\/uploads\/Bild_BF-Tag-2024-2-768x355.jpg 768w, https:\/\/www.feuerwehren-gersfeld.de\/wp-content\/uploads\/Bild_BF-Tag-2024-2-1536x710.jpg 1536w, https:\/\/www.feuerwehren-gersfeld.de\/wp-content\/uploads\/Bild_BF-Tag-2024-2-624x288.jpg 624w, https:\/\/www.feuerwehren-gersfeld.de\/wp-content\/uploads\/Bild_BF-Tag-2024-2.jpg 2000w\" sizes=\"auto, (max-width: 1024px) 100vw, 1024px\" \/><\/a><\/figure>\n<\/figure>\n\n\n\n<p><\/p>\n\n\n\n<p>Beim Eintreffen an der Einsatzstelle fanden die Jugendlichen einen verungl\u00fcckten Fu\u00dfg\u00e4nger vor, der unter einem Anh\u00e4nger lag. Die Person konnte schnell befreit werden.<\/p>\n\n\n\n<p>Die Jugendlichen und Betreuer kehrten gegen 8:00 Uhr hungrig ins Feuerwehrhaus zur\u00fcck. Der Fr\u00fchst\u00fcckstisch war bereits reichlich gedeckt, sodass man gemeinsam gem\u00fctlich fr\u00fchst\u00fccken konnte.<\/p>\n\n\n\n<p>Frisch gest\u00e4rkt ging es anschlie\u00dfend an das Aufr\u00e4umen des Feuerwehrhauses, sowie das Reinigen der Fahrzeuge, sodass um 10.30 Uhr der Dienst f\u00fcr alle beendet werden konnte.<\/p>\n\n\n\n<p>Ein spannendes und erlebnisreiches Wochenende mit viel Spa\u00df, aber auch viel Arbeit ging zu Ende.<\/p>\n\n\n\n<p>Die Betreuer der Jugendfeuerwehr Gersfeld bedanken sich hiermit bei allen Helfern f\u00fcr die tatkr\u00e4ftige Unterst\u00fctzung bei der Durchf\u00fchrung und Planung des Berufsfeuerwehrtages. Besonders gilt der Dank den Ortsteilfeuerwehr Maiersbach f\u00fcr die Unterst\u00fctzung. Ohne die Unterst\u00fctzung dieser zahlreichen Helfer w\u00e4re ein so arbeitsintensives Ereignis nicht m\u00f6glich.<\/p>\n\n\n\n<p><strong>Die Feuerwehr Gersfeld m\u00f6chte sich in diesem Rahmen herzlich beim Gasthaus Erlengrund f\u00fcr die gro\u00dfz\u00fcgige Spende in Form eines Mittagessens danken.<\/strong><\/p>\n","protected":false},"excerpt":{"rendered":"<p>\u201eAchtung, Achtung, Einsatz f\u00fcr die L\u00f6schgruppen 1 und 2\u201c, diese Ansage ert\u00f6nte vergangenes Wochenende gleich mehrmals in den R\u00e4umen der Freiwilligen Feuerwehr Gersfeld. Endlich war es wieder soweit, nach langer Vorbereitungszeit konnte es am Samstag um 10:00 Uhr endlich losgehen. 15 Jugendliche, 5 Betreuer und viele Helfer der Einsatzabteilung trafen sich in der Feuerwehr um [&hellip;]<\/p>\n","protected":false},"author":2,"featured_media":0,"comment_status":"closed","ping_status":"closed","sticky":true,"template":"","format":"standard","meta":{"footnotes":""},"categories":[1],"tags":[],"class_list":["post-754","post","type-post","status-publish","format-standard","hentry","category-allgemein"],"_links":{"self":[{"href":"https:\/\/www.feuerwehren-gersfeld.de\/index.php?rest_route=\/wp\/v2\/posts\/754","targetHints":{"allow":["GET"]}}],"collection":[{"href":"https:\/\/www.feuerwehren-gersfeld.de\/index.php?rest_route=\/wp\/v2\/posts"}],"about":[{"href":"https:\/\/www.feuerwehren-gersfeld.de\/index.php?rest_route=\/wp\/v2\/types\/post"}],"author":[{"embeddable":true,"href":"https:\/\/www.feuerwehren-gersfeld.de\/index.php?rest_route=\/wp\/v2\/users\/2"}],"replies":[{"embeddable":true,"href":"https:\/\/www.feuerwehren-gersfeld.de\/index.php?rest_route=%2Fwp%2Fv2%2Fcomments&post=754"}],"version-history":[{"count":2,"href":"https:\/\/www.feuerwehren-gersfeld.de\/index.php?rest_route=\/wp\/v2\/posts\/754\/revisions"}],"predecessor-version":[{"id":764,"href":"https:\/\/www.feuerwehren-gersfeld.de\/index.php?rest_route=\/wp\/v2\/posts\/754\/revisions\/764"}],"wp:attachment":[{"href":"https:\/\/www.feuerwehren-gersfeld.de\/index.php?rest_route=%2Fwp%2Fv2%2Fmedia&parent=754"}],"wp:term":[{"taxonomy":"category","embeddable":true,"href":"https:\/\/www.feuerwehren-gersfeld.de\/index.php?rest_route=%2Fwp%2Fv2%2Fcategories&post=754"},{"taxonomy":"post_tag","embeddable":true,"href":"https:\/\/www.feuerwehren-gersfeld.de\/index.php?rest_route=%2Fwp%2Fv2%2Ftags&post=754"}],"curies":[{"name":"wp","href":"https:\/\/api.w.org\/{rel}","templated":true}]}}